{"id":13951,"date":"2013-12-01T01:41:39","date_gmt":"2013-12-01T01:41:39","guid":{"rendered":"http:\/\/www.grafikerler.org\/portal\/?p=13951"},"modified":"2013-12-01T01:41:39","modified_gmt":"2013-12-01T01:41:39","slug":"3-geleneksel-otomotiv-tasarim-yarismasi","status":"publish","type":"post","link":"https:\/\/www.grafikerler.org\/portal\/3-geleneksel-otomotiv-tasarim-yarismasi.html","title":{"rendered":"3. Geleneksel Otomotiv Tasar\u0131m Yar\u0131\u015fmas\u0131"},"content":{"rendered":"<p>&nbsp;<\/p>\n<p>&nbsp;<\/p>\n<p><strong>Son Ba\u015fvuru Tarihi:\u00a0<\/strong>14 Mart 2014<\/p>\n<p><strong>Yar\u0131\u015fma Temas\u0131:\u00a0<\/strong>Otomotiv Komponent Tasar\u0131m\u0131<\/p>\n<p><strong>Yar\u0131\u015fma Amac\u0131: \u00a0<\/strong>Bu yar\u0131\u015fma otomotiv end\u00fcstrisinin gereksinimlerine kar\u015f\u0131l\u0131k gelecek, farkl\u0131l\u0131k, yarat\u0131c\u0131l\u0131k\u00a0ve yenilik\u00e7ilik i\u00e7eren projelerin te\u015fvik edilmesi ve de\u011ferlendirilmesi i\u00e7in \u00f6\u011frenci ve\u00a0profesyonel kat\u0131l\u0131mc\u0131lara y\u00f6nelik olarak ikinci kez d\u00fczenlenmektedir. Her kategoride\u00a0kat\u0131l\u0131mc\u0131lardan sekt\u00f6r\u00fcn katma de\u011fer yaratma becerilerini art\u0131racak \u00f6zg\u00fcn ve yenilik\u00e7i komponent bazl\u0131 \u00a0projelerin geli\u015ftirilmesi beklenmektedir.<\/p>\n<p>Yar\u0131\u015fma komponent baz\u0131nda ergonomi, emniyet, yenilebilir enerji ve \u00e7evre, mekanik\/fonksiyonellik olmak \u00fczere 4 ayr\u0131 grupta kat\u0131l\u0131ma a\u00e7\u0131kt\u0131r.<\/p>\n<p><a href=\"http:\/\/www.grafikerler.org\/portal\/wp-content\/uploads\/otomotiv-tasarim-yarismasi.jpg\"><img loading=\"lazy\" class=\"alignnone size-full wp-image-13952\" alt=\"otomotiv-tasarim-yarismasi\" src=\"http:\/\/www.grafikerler.org\/portal\/wp-content\/uploads\/otomotiv-tasarim-yarismasi.jpg\" width=\"827\" height=\"1170\" srcset=\"https:\/\/www.grafikerler.org\/portal\/wp-content\/uploads\/otomotiv-tasarim-yarismasi.jpg 827w, https:\/\/www.grafikerler.org\/portal\/wp-content\/uploads\/otomotiv-tasarim-yarismasi-212x300.jpg 212w, https:\/\/www.grafikerler.org\/portal\/wp-content\/uploads\/otomotiv-tasarim-yarismasi-723x1024.jpg 723w\" sizes=\"(max-width: 827px) 100vw, 827px\" \/><\/a><\/p>\n<p><strong>Yar\u0131\u015fma Kategorileri:<\/strong><\/p>\n<ul>\n<li>Serbest Kat\u0131l\u0131m<\/li>\n<li>\u00d6\u011frenci<\/li>\n<li>Ergonomi<\/li>\n<li>Emniyet<\/li>\n<li>Mekanik Fonksiyonellik<\/li>\n<li>Yenilenebilir Enerji ve \u00c7evre<\/li>\n<\/ul>\n<p><strong>Yar\u0131\u015fma Takvimi:<\/strong><\/p>\n<ul>\n<li>Son Ba\u015fvuru tarihi:\u00a0<strong>14 Mart 2014<\/strong>, saat 17.00\u2019a kadar<\/li>\n<li>\u00d6d\u00fcl T\u00f6reni :\u00a0<strong>17-18 Nisan 2014<\/strong>\u00a0\u2013 Merinos Atat\u00fcrk Kongre ve K\u00fclt\u00fcr Merkezi<\/li>\n<\/ul>\n<p><strong>Yar\u0131\u015fma J\u00fcrisi:\u00a0<\/strong><\/p>\n<ul>\n<li>J\u00fcri \u00fcyeleri, O\u0130B taraf\u0131ndan olu\u015fturulacakt\u0131r.<\/li>\n<\/ul>\n<p><strong>Kat\u0131l\u0131m Ko\u015fullar\u0131:<\/strong><\/p>\n<p><strong>Serbest Kat\u0131l\u0131m<\/strong><\/p>\n<p>Yar\u0131\u015fman\u0131n serbest kat\u0131l\u0131m\u0131 T.C vatanda\u015f\u0131 olan, 18 ya\u015f\u0131n\u0131 doldurmu\u015f, otomotiv komponent tasar\u0131m\u0131 konusunda ilgisi bulunan herkese a\u00e7\u0131kt\u0131r.<\/p>\n<p><strong>\u00d6\u011frenci kategorisi<\/strong><\/p>\n<p>Yar\u0131\u015fman\u0131n \u00f6\u011frenci kategorisi, T.C vatanda\u015f\u0131 olan yurti\u00e7inde ve yurtd\u0131\u015f\u0131nda e\u011fitim veren\u00a0Otomotiv ile ilgili 2 y\u0131ll\u0131k \u00f6nlisans programlar\u0131 ile M\u00fchendislik ve End\u00fcstriyel Tasar\u0131m\u00a0b\u00f6l\u00fcmlerinin 4 y\u0131ll\u0131k lisans, y\u00fcksek lisans programlar\u0131na kay\u0131tl\u0131 \u00f6\u011frencilere a\u00e7\u0131kt\u0131r.<\/p>\n<ul>\n<li>Kat\u0131l\u0131mc\u0131, her bir kategoride en fazla 2 proje ile kat\u0131labilir. Bir kat\u0131l\u0131mc\u0131 en fazla 4 grupta 2\u2019\u015fer projeyle, toplamda 8 proje ile kat\u0131labilir<\/li>\n<li>Bir kat\u0131l\u0131mc\u0131n\u0131n ayn\u0131 grupta birden fazla\u00a0proje g\u00f6ndermesi durumunda, kat\u0131l\u0131mc\u0131ya ait ayn\u0131 grupta yer alan t\u00fcm projeler yar\u0131\u015fma d\u0131\u015f\u0131nda\u00a0kal\u0131r.<\/li>\n<li>Ekip kat\u0131l\u0131mlar\u0131nda t\u00fcm ekip \u00fcyeleri ilgili kategorideki bireysel ba\u015fvuru ko\u015fullar\u0131n\u0131\u00a0sa\u011flamal\u0131, bir ki\u015fi ekip lideri olarak bildirilmelidir.<\/li>\n<li>Projenin, en fazla\u00a0<strong>4 adet<\/strong>\u00a0sunum paftas\u0131nda anlat\u0131lmas\u0131 gerekmektedir.\u00a0Paftalar\u00a0jpg format\u0131nda minimum\u00a0<strong>1366*768 piksel \/72(piksel\/inc) \u2013 maksimum\u00a01920*1080 piksel \/72(piksel\/inc)<\/strong>\u00a0\u00e7\u00f6z\u00fcn\u00fcrl\u00fckte olmal\u0131d\u0131r.<\/li>\n<li>Proje raporlar\u0131 T\u00fcrk\u00e7e ve \u0130ngilizce yaz\u0131lmal\u0131d\u0131r.<\/li>\n<li>Teslim edilecek malzemelerin \u00fczerinde sistem taraf\u0131ndan otomatik olarak atanacak olan numara ile \u00fcr\u00fcn ve kat\u0131l\u0131m kategorisi ve kat\u0131l\u0131m bi\u00e7imi d\u0131\u015f\u0131nda yar\u0131\u015fmac\u0131n\u0131n kimli\u011fini belirtecek bir ibare veya i\u015faret bulunmamal\u0131d\u0131r.<\/li>\n<\/ul>\n<div><strong>Kat\u0131l\u0131m \u015eekli ve Adresi:<\/strong><\/div>\n<div>\n<ul>\n<li>Yar\u0131\u015fmac\u0131lar\u00a0<strong>www.otomotivprojeyarismasi.com\u00a0<\/strong>websitesine e-mail adresiyle \u00fcye olarak sistemde bulunan ba\u015fvuru formunu dolduracaklard\u0131r.<\/li>\n<li>Tasar\u0131mlar web sitesine y\u00fcklenecektir.<\/li>\n<li>Online kay\u0131t yapt\u0131ranlar\u0131n \u015farname metnini indirip yaz\u0131c\u0131 \u00e7\u0131kt\u0131s\u0131n\u0131 alarak ve her sayfan\u0131n alt\u0131 yetkili ki\u015fi veya ki\u015filer taraf\u0131ndan \u0131slak imza ile imzaland\u0131ktan sonra posta ya da kargo yolu ile yar\u0131\u015fma sekretaryas\u0131na g\u00f6nderilmelidir.<\/li>\n<\/ul>\n<div><strong>De\u011ferlendirme \u00d6l\u00e7\u00fctleri<\/strong>:<\/div>\n<div>\n<ul>\n<li>Projenin \u00f6zg\u00fcnl\u00fc\u011f\u00fc ve yenili\u011fi<\/li>\n<li>Kullan\u0131c\u0131ya sa\u011flayaca\u011f\u0131 fayda<\/li>\n<li>\u00dcreticiye sa\u011flayaca\u011f\u0131 fayda<\/li>\n<li>Katma de\u011feri art\u0131ran tekniklerin geli\u015ftirilebilirli\u011fi ve uygulanabilirli\u011fi<\/li>\n<li>\u0130hracat Potansiyeli<\/li>\n<\/ul>\n<\/div>\n<div><strong>\u00d6d\u00fcller:<\/strong><\/div>\n<address>\u00a0<\/address>\n<div>\n<table border=\"1\" cellspacing=\"0\" cellpadding=\"0\">\n<tbody>\n<tr>\n<td rowspan=\"2\" valign=\"top\" width=\"151\"><\/td>\n<td colspan=\"2\" valign=\"top\" width=\"236\">\n<address><strong>Her kategoride<\/strong><\/address>\n<\/td>\n<\/tr>\n<tr>\n<td valign=\"top\" width=\"152\">\n<address><strong>Serbest Kat\u0131l\u0131m<\/strong><\/address>\n<\/td>\n<td valign=\"top\" width=\"84\">\n<address><strong>\u00d6\u011frenci<\/strong><\/address>\n<\/td>\n<\/tr>\n<tr>\n<td valign=\"top\" width=\"151\">\n<address><strong>Birinci<\/strong><\/address>\n<\/td>\n<td valign=\"top\" width=\"152\">\n<address>10.000<\/address>\n<\/td>\n<td valign=\"top\" width=\"84\">\n<address>10.000<\/address>\n<\/td>\n<\/tr>\n<tr>\n<td valign=\"top\" width=\"151\">\n<address><strong>\u0130kinci<\/strong><\/address>\n<\/td>\n<td valign=\"top\" width=\"152\">\n<address>6.000<\/address>\n<\/td>\n<td valign=\"top\" width=\"84\">\n<address>6.000<\/address>\n<\/td>\n<\/tr>\n<tr>\n<td valign=\"top\" width=\"151\">\n<address><strong>\u00dc\u00e7\u00fcnc\u00fc<\/strong><\/address>\n<\/td>\n<td valign=\"top\" width=\"152\">\n<address>3.000<\/address>\n<\/td>\n<td valign=\"top\" width=\"84\">\n<address>3.000<\/address>\n<\/td>\n<\/tr>\n<tr>\n<td valign=\"top\" width=\"151\">\n<address><strong>Mansiyon<\/strong><\/address>\n<\/td>\n<td valign=\"top\" width=\"152\">\n<address>2.000<\/address>\n<\/td>\n<td valign=\"top\" width=\"84\">\n<address>2.000<\/address>\n<\/td>\n<\/tr>\n<\/tbody>\n<\/table>\n<\/div>\n<div><\/div>\n<div>\n<div>Ergonomi, yenilebilir enerji ve \u00e7evre, emniyet, mekanik\/fonksiyonellik kategorilerinde ayr\u0131 ayr\u0131 yukar\u0131daki \u00f6d\u00fcller verilecektir.<\/div>\n<div><\/div>\n<div><strong>Yar\u0131\u015fmay\u0131 D\u00fczenleyen Kurulu\u015f:<\/strong><\/div>\n<div>\n<ul>\n<li>Uluda\u011f Otomotiv End\u00fcstrisi \u0130hracat\u00e7\u0131lar\u0131 Birli\u011fi<\/li>\n<\/ul>\n<\/div>\n<div>\n<p><strong>\u0130leti\u015fim ve Ayr\u0131nt\u0131l\u0131 Bilgi:<\/strong><\/p>\n<ul>\n<li>Yar\u0131\u015fma \u015fartnamesi i\u00e7in\u00a0<strong><a href=\"http:\/\/www.otomotivtasarimyarismasi.com\/assets\/Uploads\/pdf\/tasarim-yarismasi.pdf\" target=\"_blank\">t\u0131klay\u0131n\u0131z.<\/a><\/strong><\/li>\n<li><strong>Web:<\/strong>\u00a0<a href=\"http:\/\/www.otomotivtasarimyarismasi.com\/\" target=\"_blank\">http:\/\/www.otomotivtasarimyarismasi.com\/<\/a><\/li>\n<li><strong>Mail:\u00a0<\/strong>info@otomotivtasarimyarismasi.com<\/li>\n<li><strong>Tel:\u00a0<\/strong>0212 325 01 05 \u2013 104 \/ 108\u00a0&#8211;\u00a0Burak \u015eahin &amp; Elif Kaya<\/li>\n<\/ul>\n<\/div>\n<\/div>\n<\/div>\n","protected":false},"excerpt":{"rendered":"<p>&nbsp; &nbsp; Son Ba\u015fvuru Tarihi:\u00a014 Mart 2014 Yar\u0131\u015fma Temas\u0131:\u00a0Otomotiv Komponent Tasar\u0131m\u0131 Yar\u0131\u015fma Amac\u0131: \u00a0Bu yar\u0131\u015fma otomotiv end\u00fcstrisinin gereksinimlerine kar\u015f\u0131l\u0131k gelecek, farkl\u0131l\u0131k, yarat\u0131c\u0131l\u0131k\u00a0ve yenilik\u00e7ilik i\u00e7eren projelerin te\u015fvik edilmesi ve de\u011ferlendirilmesi i\u00e7in \u00f6\u011frenci ve\u00a0profesyonel kat\u0131l\u0131mc\u0131lara y\u00f6nelik olarak ikinci kez d\u00fczenlenmektedir. Her kategoride\u00a0kat\u0131l\u0131mc\u0131lardan sekt\u00f6r\u00fcn katma de\u011fer yaratma becerilerini art\u0131racak \u00f6zg\u00fcn ve yenilik\u00e7i komponent bazl\u0131 \u00a0projelerin geli\u015ftirilmesi beklenmektedir. Yar\u0131\u015fma [&hellip;]<\/p>\n","protected":false},"author":1,"featured_media":13952,"comment_status":"open","ping_status":"open","sticky":false,"template":"","format":"standard","meta":[],"categories":[73],"tags":[70,407],"_links":{"self":[{"href":"https:\/\/www.grafikerler.org\/portal\/wp-json\/wp\/v2\/posts\/13951"}],"collection":[{"href":"https:\/\/www.grafikerler.org\/portal\/wp-json\/wp\/v2\/posts"}],"about":[{"href":"https:\/\/www.grafikerler.org\/portal\/wp-json\/wp\/v2\/types\/post"}],"author":[{"embeddable":true,"href":"https:\/\/www.grafikerler.org\/portal\/wp-json\/wp\/v2\/users\/1"}],"replies":[{"embeddable":true,"href":"https:\/\/www.grafikerler.org\/portal\/wp-json\/wp\/v2\/comments?post=13951"}],"version-history":[{"count":1,"href":"https:\/\/www.grafikerler.org\/portal\/wp-json\/wp\/v2\/posts\/13951\/revisions"}],"predecessor-version":[{"id":13953,"href":"https:\/\/www.grafikerler.org\/portal\/wp-json\/wp\/v2\/posts\/13951\/revisions\/13953"}],"wp:featuredmedia":[{"embeddable":true,"href":"https:\/\/www.grafikerler.org\/portal\/wp-json\/wp\/v2\/media\/13952"}],"wp:attachment":[{"href":"https:\/\/www.grafikerler.org\/portal\/wp-json\/wp\/v2\/media?parent=13951"}],"wp:term":[{"taxonomy":"category","embeddable":true,"href":"https:\/\/www.grafikerler.org\/portal\/wp-json\/wp\/v2\/categories?post=13951"},{"taxonomy":"post_tag","embeddable":true,"href":"https:\/\/www.grafikerler.org\/portal\/wp-json\/wp\/v2\/tags?post=13951"}],"curies":[{"name":"wp","href":"https:\/\/api.w.org\/{rel}","templated":true}]}}