{"id":23945,"date":"2014-06-24T16:25:41","date_gmt":"2014-06-24T16:25:41","guid":{"rendered":"http:\/\/www.grafikerler.org\/portal\/?p=23945"},"modified":"2014-06-24T16:27:26","modified_gmt":"2014-06-24T16:27:26","slug":"hanefi-yeterin-heykeli-calindi","status":"publish","type":"post","link":"https:\/\/www.grafikerler.org\/portal\/hanefi-yeterin-heykeli-calindi.html","title":{"rendered":"Hanefi Yeter&#8217;in heykeli \u00e7al\u0131nd\u0131"},"content":{"rendered":"<p>Hanefi Yeter taraf\u0131ndan yap\u0131lan al\u00fcminyum heykeli \u00e7al\u0131nd\u0131. \u00c7al\u0131nan eserin, 100 santimetre boyunda, 150-200 kilogram a\u011f\u0131rl\u0131\u011f\u0131nda al\u00fcminyumdan yap\u0131lm\u0131\u015f, 2012 y\u0131l\u0131na ait, \u00fczeri bitkisel ve hayvan fig\u00fcrler ile bezeli bir heykel oldu\u011fu belirtildi. Bunun \u00fczerine b\u00f6lgeye giden polis birimleri ve yetkililer, olayla ilgili soru\u015fturma ba\u015flatt\u0131.<\/p>\n<p>ART350\u2019de yer alan \u201cSaks\u0131da\u201d adl\u0131 heykel 20 Haziran Cuma saat 04.30\u2019da \u00e7al\u0131nd\u0131. Devasa heykelin nas\u0131l \u00e7al\u0131nd\u0131\u011f\u0131 ise merak konusu oldu. Kamera kay\u0131tlar\u0131na g\u00f6re 3 Ki\u015fi taraf\u0131ndan \u00e7al\u0131nd\u0131\u011f\u0131 tespit edildi, biri erkek di\u011fer iki ki\u015finin de cinsiyeti ise belirsiz.<\/p>\n<p>H\u0131rs\u0131zlar\u0131n bu b\u00fcy\u00fckl\u00fckte heykeli kimseye g\u00f6r\u00fcnmeden g\u00fcr\u00fclt\u00fc \u00e7\u0131kartmadan nas\u0131l ta\u015f\u0131d\u0131klar\u0131 bilinmiyor. Bir g\u00fcnl\u00fck bir i\u015f olmad\u0131\u011f\u0131 ve \u00f6nceden gelip g\u00f6r\u00fcp planlam\u0131\u015f bir durum oldu\u011fu kesin. Heykel hem manevi hem de sanat eseri olarak de\u011ferli. Di\u011fer eserlerin ise hasar g\u00f6rmedi\u011fi tespit edilmi\u015ftir, sadece heykelin \u00e7al\u0131nmas\u0131 ise \u00e7ok dikkat \u00e7ekmi\u015ftir.<a href=\"http:\/\/www.grafikerler.org\/portal\/wp-content\/uploads\/image005.jpg\"><img loading=\"lazy\" class=\"alignnone size-full wp-image-23946\" src=\"http:\/\/www.grafikerler.org\/portal\/wp-content\/uploads\/image005.jpg\" alt=\"image005\" width=\"374\" height=\"457\" srcset=\"https:\/\/www.grafikerler.org\/portal\/wp-content\/uploads\/image005.jpg 374w, https:\/\/www.grafikerler.org\/portal\/wp-content\/uploads\/image005-245x300.jpg 245w\" sizes=\"(max-width: 374px) 100vw, 374px\" \/><\/a> <a href=\"http:\/\/www.grafikerler.org\/portal\/wp-content\/uploads\/image006.jpg\"><img loading=\"lazy\" class=\"alignnone size-full wp-image-23947\" src=\"http:\/\/www.grafikerler.org\/portal\/wp-content\/uploads\/image006.jpg\" alt=\"image006\" width=\"350\" height=\"457\" srcset=\"https:\/\/www.grafikerler.org\/portal\/wp-content\/uploads\/image006.jpg 350w, https:\/\/www.grafikerler.org\/portal\/wp-content\/uploads\/image006-229x300.jpg 229w\" sizes=\"(max-width: 350px) 100vw, 350px\" \/><\/a><\/p>\n","protected":false},"excerpt":{"rendered":"<p>Hanefi Yeter taraf\u0131ndan yap\u0131lan al\u00fcminyum heykeli \u00e7al\u0131nd\u0131. \u00c7al\u0131nan eserin, 100 santimetre boyunda, 150-200 kilogram a\u011f\u0131rl\u0131\u011f\u0131nda al\u00fcminyumdan yap\u0131lm\u0131\u015f, 2012 y\u0131l\u0131na ait, \u00fczeri bitkisel ve hayvan fig\u00fcrler ile bezeli bir heykel oldu\u011fu belirtildi. Bunun \u00fczerine b\u00f6lgeye giden polis birimleri ve yetkililer, olayla ilgili soru\u015fturma ba\u015flatt\u0131. ART350\u2019de yer alan \u201cSaks\u0131da\u201d adl\u0131 heykel 20 Haziran Cuma saat 04.30\u2019da \u00e7al\u0131nd\u0131. [&hellip;]<\/p>\n","protected":false},"author":9,"featured_media":23947,"comment_status":"open","ping_status":"open","sticky":false,"template":"","format":"standard","meta":[],"categories":[313,382],"tags":[70,2384,2385],"_links":{"self":[{"href":"https:\/\/www.grafikerler.org\/portal\/wp-json\/wp\/v2\/posts\/23945"}],"collection":[{"href":"https:\/\/www.grafikerler.org\/portal\/wp-json\/wp\/v2\/posts"}],"about":[{"href":"https:\/\/www.grafikerler.org\/portal\/wp-json\/wp\/v2\/types\/post"}],"author":[{"embeddable":true,"href":"https:\/\/www.grafikerler.org\/portal\/wp-json\/wp\/v2\/users\/9"}],"replies":[{"embeddable":true,"href":"https:\/\/www.grafikerler.org\/portal\/wp-json\/wp\/v2\/comments?post=23945"}],"version-history":[{"count":2,"href":"https:\/\/www.grafikerler.org\/portal\/wp-json\/wp\/v2\/posts\/23945\/revisions"}],"predecessor-version":[{"id":23949,"href":"https:\/\/www.grafikerler.org\/portal\/wp-json\/wp\/v2\/posts\/23945\/revisions\/23949"}],"wp:featuredmedia":[{"embeddable":true,"href":"https:\/\/www.grafikerler.org\/portal\/wp-json\/wp\/v2\/media\/23947"}],"wp:attachment":[{"href":"https:\/\/www.grafikerler.org\/portal\/wp-json\/wp\/v2\/media?parent=23945"}],"wp:term":[{"taxonomy":"category","embeddable":true,"href":"https:\/\/www.grafikerler.org\/portal\/wp-json\/wp\/v2\/categories?post=23945"},{"taxonomy":"post_tag","embeddable":true,"href":"https:\/\/www.grafikerler.org\/portal\/wp-json\/wp\/v2\/tags?post=23945"}],"curies":[{"name":"wp","href":"https:\/\/api.w.org\/{rel}","templated":true}]}}