{"id":25735,"date":"2014-09-28T20:13:42","date_gmt":"2014-09-28T20:13:42","guid":{"rendered":"http:\/\/www.grafikerler.org\/portal\/?p=25735"},"modified":"2014-09-28T20:13:42","modified_gmt":"2014-09-28T20:13:42","slug":"iste-turk-mallarinin-uzerine-konulacak-yeni-logo","status":"publish","type":"post","link":"https:\/\/www.grafikerler.org\/portal\/iste-turk-mallarinin-uzerine-konulacak-yeni-logo.html","title":{"rendered":"\u0130\u015fte T\u00fcrk Mallar\u0131n\u0131n \u00dczerine Konulacak Yeni Logo"},"content":{"rendered":"<p>Logo T\u00fcrkiye \u0130hracat\u00e7\u0131lar Meclisi&#8217;nin Twitter hesab\u0131nda yay\u0131mland\u0131. Logonun \u00fczerinde &#8216;T\u00fcrkiye potansiyelini ke\u015ffet&#8217; yaz\u0131yor.\u00a0T\u00fcrkiye \u0130hracat\u00e7\u0131lar Meclisi (T\u0130M) ihra\u00e7 edilen T\u00fcrk mallar\u0131n\u0131n \u00fczerine konulacak olan yeni logoyu tan\u0131tt\u0131.<br \/>\nLogo T\u00fcrkiye \u0130hracat\u00e7\u0131lar Meclisi\u2019nin Twitter hesab\u0131nda yay\u0131mland\u0131. Bundan sonra T\u00fcrk Mallar\u0131n\u0131n\u00a0\u00a0\u00fczerinde \u201cT\u00fcrkiye potansiyelini ke\u015ffet\u201d yaz\u0131s\u0131 yer alacak.<\/p>\n<p>&nbsp;<\/p>\n<p><a href=\"http:\/\/www.grafikerler.org\/portal\/wp-content\/uploads\/tr.jpg\"><img loading=\"lazy\" class=\"alignleft size-full wp-image-25740\" src=\"http:\/\/www.grafikerler.org\/portal\/wp-content\/uploads\/tr.jpg\" alt=\"tr\" width=\"1939\" height=\"1872\" srcset=\"https:\/\/www.grafikerler.org\/portal\/wp-content\/uploads\/tr.jpg 1939w, https:\/\/www.grafikerler.org\/portal\/wp-content\/uploads\/tr-300x289.jpg 300w, https:\/\/www.grafikerler.org\/portal\/wp-content\/uploads\/tr-1024x988.jpg 1024w\" sizes=\"(max-width: 1939px) 100vw, 1939px\" \/><\/a><\/p>\n","protected":false},"excerpt":{"rendered":"<p>Logo T\u00fcrkiye \u0130hracat\u00e7\u0131lar Meclisi&#8217;nin Twitter hesab\u0131nda yay\u0131mland\u0131. Logonun \u00fczerinde &#8216;T\u00fcrkiye potansiyelini ke\u015ffet&#8217; yaz\u0131yor.\u00a0T\u00fcrkiye \u0130hracat\u00e7\u0131lar Meclisi (T\u0130M) ihra\u00e7 edilen T\u00fcrk mallar\u0131n\u0131n \u00fczerine konulacak olan yeni logoyu tan\u0131tt\u0131. Logo T\u00fcrkiye \u0130hracat\u00e7\u0131lar Meclisi\u2019nin Twitter hesab\u0131nda yay\u0131mland\u0131. Bundan sonra T\u00fcrk Mallar\u0131n\u0131n\u00a0\u00a0\u00fczerinde \u201cT\u00fcrkiye potansiyelini ke\u015ffet\u201d yaz\u0131s\u0131 yer alacak. &nbsp;<\/p>\n","protected":false},"author":6,"featured_media":25741,"comment_status":"open","ping_status":"open","sticky":false,"template":"","format":"standard","meta":[],"categories":[313],"tags":[2709,70,159,2725],"_links":{"self":[{"href":"https:\/\/www.grafikerler.org\/portal\/wp-json\/wp\/v2\/posts\/25735"}],"collection":[{"href":"https:\/\/www.grafikerler.org\/portal\/wp-json\/wp\/v2\/posts"}],"about":[{"href":"https:\/\/www.grafikerler.org\/portal\/wp-json\/wp\/v2\/types\/post"}],"author":[{"embeddable":true,"href":"https:\/\/www.grafikerler.org\/portal\/wp-json\/wp\/v2\/users\/6"}],"replies":[{"embeddable":true,"href":"https:\/\/www.grafikerler.org\/portal\/wp-json\/wp\/v2\/comments?post=25735"}],"version-history":[{"count":4,"href":"https:\/\/www.grafikerler.org\/portal\/wp-json\/wp\/v2\/posts\/25735\/revisions"}],"predecessor-version":[{"id":25743,"href":"https:\/\/www.grafikerler.org\/portal\/wp-json\/wp\/v2\/posts\/25735\/revisions\/25743"}],"wp:featuredmedia":[{"embeddable":true,"href":"https:\/\/www.grafikerler.org\/portal\/wp-json\/wp\/v2\/media\/25741"}],"wp:attachment":[{"href":"https:\/\/www.grafikerler.org\/portal\/wp-json\/wp\/v2\/media?parent=25735"}],"wp:term":[{"taxonomy":"category","embeddable":true,"href":"https:\/\/www.grafikerler.org\/portal\/wp-json\/wp\/v2\/categories?post=25735"},{"taxonomy":"post_tag","embeddable":true,"href":"https:\/\/www.grafikerler.org\/portal\/wp-json\/wp\/v2\/tags?post=25735"}],"curies":[{"name":"wp","href":"https:\/\/api.w.org\/{rel}","templated":true}]}}